{"id":1683,"date":"2023-12-26T07:57:40","date_gmt":"2023-12-26T06:57:40","guid":{"rendered":"http:\/\/ff-wendling.at\/?p=1683"},"modified":"2023-12-26T07:57:40","modified_gmt":"2023-12-26T06:57:40","slug":"friedenslicht-2023","status":"publish","type":"post","link":"https:\/\/ff-wendling.at\/index.php\/2023\/12\/26\/friedenslicht-2023\/","title":{"rendered":"Friedenslicht 2023"},"content":{"rendered":"<p>Trotz des st\u00fcrmischen Wetters, trug unsere Jugendgruppe am 24. Dezember das Friedenslicht von T\u00fcr zu T\u00fcr im Ortskern.<\/p>\n<p>Das Friedenslicht wurde davor am 22.12 in Bad Schallerbach bei einem feierlichen Gottesdienst abgeholt.<\/p>\n<p>&nbsp;<\/p>\n<p><img loading=\"lazy\" decoding=\"async\" class=\"alignnone size-medium wp-image-1684\" src=\"https:\/\/ff-wendling.at\/wp-content\/uploads\/2023\/12\/20231224_111444-300x225.jpg\" alt=\"\" width=\"300\" height=\"225\" srcset=\"https:\/\/ff-wendling.at\/wp-content\/uploads\/2023\/12\/20231224_111444-300x225.jpg 300w, https:\/\/ff-wendling.at\/wp-content\/uploads\/2023\/12\/20231224_111444-1024x768.jpg 1024w, https:\/\/ff-wendling.at\/wp-content\/uploads\/2023\/12\/20231224_111444-768x576.jpg 768w, https:\/\/ff-wendling.at\/wp-content\/uploads\/2023\/12\/20231224_111444-1536x1152.jpg 1536w, https:\/\/ff-wendling.at\/wp-content\/uploads\/2023\/12\/20231224_111444-2048x1536.jpg 2048w\" sizes=\"auto, (max-width: 300px) 100vw, 300px\" \/><\/p>\n","protected":false},"excerpt":{"rendered":"<p>Trotz des st\u00fcrmischen Wetters, trug unsere Jugendgruppe am 24. Dezember das Friedenslicht von T\u00fcr zu T\u00fcr im Ortskern. Das Friedenslicht wurde davor am 22.12 in Bad Schallerbach bei einem feierlichen Gottesdienst abgeholt. &nbsp;<\/p>\n","protected":false},"author":1,"featured_media":0,"comment_status":"closed","ping_status":"closed","sticky":false,"template":"","format":"standard","meta":{"footnotes":""},"categories":[3],"tags":[],"class_list":["post-1683","post","type-post","status-publish","format-standard","hentry","category-news"],"_links":{"self":[{"href":"https:\/\/ff-wendling.at\/index.php\/wp-json\/wp\/v2\/posts\/1683","targetHints":{"allow":["GET"]}}],"collection":[{"href":"https:\/\/ff-wendling.at\/index.php\/wp-json\/wp\/v2\/posts"}],"about":[{"href":"https:\/\/ff-wendling.at\/index.php\/wp-json\/wp\/v2\/types\/post"}],"author":[{"embeddable":true,"href":"https:\/\/ff-wendling.at\/index.php\/wp-json\/wp\/v2\/users\/1"}],"replies":[{"embeddable":true,"href":"https:\/\/ff-wendling.at\/index.php\/wp-json\/wp\/v2\/comments?post=1683"}],"version-history":[{"count":1,"href":"https:\/\/ff-wendling.at\/index.php\/wp-json\/wp\/v2\/posts\/1683\/revisions"}],"predecessor-version":[{"id":1685,"href":"https:\/\/ff-wendling.at\/index.php\/wp-json\/wp\/v2\/posts\/1683\/revisions\/1685"}],"wp:attachment":[{"href":"https:\/\/ff-wendling.at\/index.php\/wp-json\/wp\/v2\/media?parent=1683"}],"wp:term":[{"taxonomy":"category","embeddable":true,"href":"https:\/\/ff-wendling.at\/index.php\/wp-json\/wp\/v2\/categories?post=1683"},{"taxonomy":"post_tag","embeddable":true,"href":"https:\/\/ff-wendling.at\/index.php\/wp-json\/wp\/v2\/tags?post=1683"}],"curies":[{"name":"wp","href":"https:\/\/api.w.org\/{rel}","templated":true}]}}