{"id":2328,"date":"2026-03-13T18:03:59","date_gmt":"2026-03-13T17:03:59","guid":{"rendered":"https:\/\/ff-wendling.at\/?p=2328"},"modified":"2026-03-13T18:03:59","modified_gmt":"2026-03-13T17:03:59","slug":"uebung-im-brandsimulationscontainer","status":"publish","type":"post","link":"https:\/\/ff-wendling.at\/index.php\/2026\/03\/13\/uebung-im-brandsimulationscontainer\/","title":{"rendered":"\u00dcbung im Brandsimulationscontainer"},"content":{"rendered":"\r\n<p>Zwei unserer Atemschutztrupps haben vergangenes Wochenende den Brandsimulationscontainer bei der FF Peuerbach besucht. <br \/><br \/>In der sogenannten \u201eHeiss\u00fcbung\u201c mussten unsere Atemschutzger\u00e4tetr\u00e4ger unterschiedlichste Br\u00e4nde unter Realbedingungen bek\u00e4mpfen und konnten wertvolle Erfahrung sammeln.<\/p>\r\n<p><img loading=\"lazy\" decoding=\"async\" class=\"alignnone size-full wp-image-2333\" src=\"https:\/\/ff-wendling.at\/wp-content\/uploads\/2026\/03\/Container-1.jpeg\" alt=\"\" width=\"1600\" height=\"1200\" srcset=\"https:\/\/ff-wendling.at\/wp-content\/uploads\/2026\/03\/Container-1.jpeg 1600w, https:\/\/ff-wendling.at\/wp-content\/uploads\/2026\/03\/Container-1-300x225.jpeg 300w, https:\/\/ff-wendling.at\/wp-content\/uploads\/2026\/03\/Container-1-1024x768.jpeg 1024w\" sizes=\"auto, (max-width: 1600px) 100vw, 1600px\" \/> <img loading=\"lazy\" decoding=\"async\" class=\"alignnone size-full wp-image-2334\" src=\"https:\/\/ff-wendling.at\/wp-content\/uploads\/2026\/03\/Container-2.jpeg\" alt=\"\" width=\"1200\" height=\"1600\" srcset=\"https:\/\/ff-wendling.at\/wp-content\/uploads\/2026\/03\/Container-2.jpeg 1200w, https:\/\/ff-wendling.at\/wp-content\/uploads\/2026\/03\/Container-2-225x300.jpeg 225w, https:\/\/ff-wendling.at\/wp-content\/uploads\/2026\/03\/Container-2-768x1024.jpeg 768w\" sizes=\"auto, (max-width: 1200px) 100vw, 1200px\" \/> <img loading=\"lazy\" decoding=\"async\" class=\"alignnone size-full wp-image-2335\" src=\"https:\/\/ff-wendling.at\/wp-content\/uploads\/2026\/03\/Container-3.jpeg\" alt=\"\" width=\"1200\" height=\"1600\" srcset=\"https:\/\/ff-wendling.at\/wp-content\/uploads\/2026\/03\/Container-3.jpeg 1200w, https:\/\/ff-wendling.at\/wp-content\/uploads\/2026\/03\/Container-3-225x300.jpeg 225w, https:\/\/ff-wendling.at\/wp-content\/uploads\/2026\/03\/Container-3-768x1024.jpeg 768w\" sizes=\"auto, (max-width: 1200px) 100vw, 1200px\" \/> <img loading=\"lazy\" decoding=\"async\" class=\"alignnone size-full wp-image-2336\" src=\"https:\/\/ff-wendling.at\/wp-content\/uploads\/2026\/03\/Container-4.jpeg\" alt=\"\" width=\"1600\" height=\"900\" srcset=\"https:\/\/ff-wendling.at\/wp-content\/uploads\/2026\/03\/Container-4.jpeg 1600w, https:\/\/ff-wendling.at\/wp-content\/uploads\/2026\/03\/Container-4-300x169.jpeg 300w, https:\/\/ff-wendling.at\/wp-content\/uploads\/2026\/03\/Container-4-1024x576.jpeg 1024w\" sizes=\"auto, (max-width: 1600px) 100vw, 1600px\" \/> <img loading=\"lazy\" decoding=\"async\" class=\"alignnone size-full wp-image-2337\" src=\"https:\/\/ff-wendling.at\/wp-content\/uploads\/2026\/03\/Container-5.jpeg\" alt=\"\" width=\"1200\" height=\"1600\" srcset=\"https:\/\/ff-wendling.at\/wp-content\/uploads\/2026\/03\/Container-5.jpeg 1200w, https:\/\/ff-wendling.at\/wp-content\/uploads\/2026\/03\/Container-5-225x300.jpeg 225w, https:\/\/ff-wendling.at\/wp-content\/uploads\/2026\/03\/Container-5-768x1024.jpeg 768w\" sizes=\"auto, (max-width: 1200px) 100vw, 1200px\" \/><\/p>\r\n","protected":false},"excerpt":{"rendered":"<p>Zwei unserer Atemschutztrupps haben vergangenes Wochenende den Brandsimulationscontainer bei der FF Peuerbach besucht. In der sogenannten \u201eHeiss\u00fcbung\u201c mussten unsere Atemschutzger\u00e4tetr\u00e4ger unterschiedlichste Br\u00e4nde unter Realbedingungen bek\u00e4mpfen und konnten wertvolle Erfahrung sammeln.<\/p>\n","protected":false},"author":1,"featured_media":2333,"comment_status":"closed","ping_status":"closed","sticky":false,"template":"","format":"standard","meta":{"footnotes":""},"categories":[3,5],"tags":[],"class_list":["post-2328","post","type-post","status-publish","format-standard","has-post-thumbnail","hentry","category-news","category-uebungen"],"_links":{"self":[{"href":"https:\/\/ff-wendling.at\/index.php\/wp-json\/wp\/v2\/posts\/2328","targetHints":{"allow":["GET"]}}],"collection":[{"href":"https:\/\/ff-wendling.at\/index.php\/wp-json\/wp\/v2\/posts"}],"about":[{"href":"https:\/\/ff-wendling.at\/index.php\/wp-json\/wp\/v2\/types\/post"}],"author":[{"embeddable":true,"href":"https:\/\/ff-wendling.at\/index.php\/wp-json\/wp\/v2\/users\/1"}],"replies":[{"embeddable":true,"href":"https:\/\/ff-wendling.at\/index.php\/wp-json\/wp\/v2\/comments?post=2328"}],"version-history":[{"count":2,"href":"https:\/\/ff-wendling.at\/index.php\/wp-json\/wp\/v2\/posts\/2328\/revisions"}],"predecessor-version":[{"id":2338,"href":"https:\/\/ff-wendling.at\/index.php\/wp-json\/wp\/v2\/posts\/2328\/revisions\/2338"}],"wp:featuredmedia":[{"embeddable":true,"href":"https:\/\/ff-wendling.at\/index.php\/wp-json\/wp\/v2\/media\/2333"}],"wp:attachment":[{"href":"https:\/\/ff-wendling.at\/index.php\/wp-json\/wp\/v2\/media?parent=2328"}],"wp:term":[{"taxonomy":"category","embeddable":true,"href":"https:\/\/ff-wendling.at\/index.php\/wp-json\/wp\/v2\/categories?post=2328"},{"taxonomy":"post_tag","embeddable":true,"href":"https:\/\/ff-wendling.at\/index.php\/wp-json\/wp\/v2\/tags?post=2328"}],"curies":[{"name":"wp","href":"https:\/\/api.w.org\/{rel}","templated":true}]}}