{"id":2344,"date":"2026-03-13T18:08:31","date_gmt":"2026-03-13T17:08:31","guid":{"rendered":"https:\/\/ff-wendling.at\/?p=2344"},"modified":"2026-03-13T18:14:14","modified_gmt":"2026-03-13T17:14:14","slug":"einsatz-eingeschlossene-person","status":"publish","type":"post","link":"https:\/\/ff-wendling.at\/index.php\/2026\/03\/13\/einsatz-eingeschlossene-person\/","title":{"rendered":"Einsatz &#8211; Eingeschlossene Person"},"content":{"rendered":"<p>Am vergangenen Montag hatte sich eine Person im Ortsgebiet von Wendling aus ihrem Haus ausgesperrt.<\/p>\n<p>Durch die alarmierten Kr\u00e4fte unserer Feuerwehren sowie durch die Unterst\u00fctzung weiterer Kr\u00e4fte der Feuerwehr Ried i.I. konnte wieder ein Zutritt zum Haus hergestellt werden.<\/p>\n<p><img loading=\"lazy\" decoding=\"async\" class=\"alignnone size-full wp-image-2345\" src=\"https:\/\/ff-wendling.at\/wp-content\/uploads\/2026\/03\/Eingeschlossene-Person.jpeg\" alt=\"\" width=\"1179\" height=\"1050\" srcset=\"https:\/\/ff-wendling.at\/wp-content\/uploads\/2026\/03\/Eingeschlossene-Person.jpeg 1179w, https:\/\/ff-wendling.at\/wp-content\/uploads\/2026\/03\/Eingeschlossene-Person-300x267.jpeg 300w, https:\/\/ff-wendling.at\/wp-content\/uploads\/2026\/03\/Eingeschlossene-Person-1024x912.jpeg 1024w\" sizes=\"auto, (max-width: 1179px) 100vw, 1179px\" \/><\/p>\n<p>&nbsp;<\/p>\n","protected":false},"excerpt":{"rendered":"<p>Am vergangenen Montag hatte sich eine Person im Ortsgebiet von Wendling aus ihrem Haus ausgesperrt. Durch die alarmierten Kr\u00e4fte unserer Feuerwehren sowie durch die Unterst\u00fctzung weiterer Kr\u00e4fte der Feuerwehr Ried i.I. konnte wieder ein Zutritt zum Haus hergestellt werden. &nbsp;<\/p>\n","protected":false},"author":1,"featured_media":2345,"comment_status":"closed","ping_status":"closed","sticky":false,"template":"","format":"standard","meta":{"footnotes":""},"categories":[1,3],"tags":[],"class_list":["post-2344","post","type-post","status-publish","format-standard","has-post-thumbnail","hentry","category-einsaetze","category-news"],"_links":{"self":[{"href":"https:\/\/ff-wendling.at\/index.php\/wp-json\/wp\/v2\/posts\/2344","targetHints":{"allow":["GET"]}}],"collection":[{"href":"https:\/\/ff-wendling.at\/index.php\/wp-json\/wp\/v2\/posts"}],"about":[{"href":"https:\/\/ff-wendling.at\/index.php\/wp-json\/wp\/v2\/types\/post"}],"author":[{"embeddable":true,"href":"https:\/\/ff-wendling.at\/index.php\/wp-json\/wp\/v2\/users\/1"}],"replies":[{"embeddable":true,"href":"https:\/\/ff-wendling.at\/index.php\/wp-json\/wp\/v2\/comments?post=2344"}],"version-history":[{"count":2,"href":"https:\/\/ff-wendling.at\/index.php\/wp-json\/wp\/v2\/posts\/2344\/revisions"}],"predecessor-version":[{"id":2351,"href":"https:\/\/ff-wendling.at\/index.php\/wp-json\/wp\/v2\/posts\/2344\/revisions\/2351"}],"wp:featuredmedia":[{"embeddable":true,"href":"https:\/\/ff-wendling.at\/index.php\/wp-json\/wp\/v2\/media\/2345"}],"wp:attachment":[{"href":"https:\/\/ff-wendling.at\/index.php\/wp-json\/wp\/v2\/media?parent=2344"}],"wp:term":[{"taxonomy":"category","embeddable":true,"href":"https:\/\/ff-wendling.at\/index.php\/wp-json\/wp\/v2\/categories?post=2344"},{"taxonomy":"post_tag","embeddable":true,"href":"https:\/\/ff-wendling.at\/index.php\/wp-json\/wp\/v2\/tags?post=2344"}],"curies":[{"name":"wp","href":"https:\/\/api.w.org\/{rel}","templated":true}]}}